[{"@context":"https:\/\/schema.org\/","@type":"Article","@id":"https:\/\/www.desster.cz\/usporadejte-si-veselku-na-kterou-budete-vzdy-vzpominat-s-usmevem\/#Article","mainEntityOfPage":"https:\/\/www.desster.cz\/usporadejte-si-veselku-na-kterou-budete-vzdy-vzpominat-s-usmevem\/","headline":"Uspo\u0159\u00e1dejte si veselku, na kterou budete v\u017edy vzpom\u00ednat s \u00fasm\u011bvem","name":"Uspo\u0159\u00e1dejte si veselku, na kterou budete v\u017edy vzpom\u00ednat s \u00fasm\u011bvem","description":"M\u00e1te pocit, \u017ee v\u0161echny probl\u00e9my spojen\u00e9 s uspo\u0159\u00e1d\u00e1n\u00edm veselky v\u00e1m u\u017e doslova p\u0159er\u016fstaj\u00ed p\u0159es hlavu? Jste zoufal\u00ed, proto\u017ee jedin\u00e9 co&hellip; <div><a class=\"more-link\" href=\"https:\/\/www.desster.cz\/usporadejte-si-veselku-na-kterou-budete-vzdy-vzpominat-s-usmevem\/\">Read more &gt; <span class=\"screen-reader-text\">Uspo\u0159\u00e1dejte si veselku, na kterou budete v\u017edy vzpom\u00ednat s \u00fasm\u011bvem<\/span><\/a><\/div>","datePublished":"2023-08-30","dateModified":"2023-08-30","author":{"@type":"Person","@id":"https:\/\/www.desster.cz\/author\/#Person","name":"","url":"https:\/\/www.desster.cz\/author\/","identifier":1,"image":{"@type":"ImageObject","@id":"https:\/\/secure.gravatar.com\/avatar\/53fcaa7178df0f37d30678446939b206ab1017330cccbc8c93b5efa33cddcf51?s=96&d=mm&r=g","url":"https:\/\/secure.gravatar.com\/avatar\/53fcaa7178df0f37d30678446939b206ab1017330cccbc8c93b5efa33cddcf51?s=96&d=mm&r=g","height":96,"width":96}},"publisher":{"@type":"Organization","name":"desster.cz","logo":{"@type":"ImageObject","@id":"\/logo.png","url":"\/logo.png","width":600,"height":60}},"url":"https:\/\/www.desster.cz\/usporadejte-si-veselku-na-kterou-budete-vzdy-vzpominat-s-usmevem\/","wordCount":230,"articleBody":"M\u00e1te pocit, \u017ee v\u0161echny probl\u00e9my spojen\u00e9 s uspo\u0159\u00e1d\u00e1n\u00edm veselky v\u00e1m u\u017e doslova p\u0159er\u016fstaj\u00ed p\u0159es hlavu? Jste zoufal\u00ed, proto\u017ee jedin\u00e9 co m\u00e1te za\u0159\u00edzen\u00e9, jsou \u0161aty, oblek a prst\u00fdnky? V\u0161e ostatn\u00ed, nap\u0159\u00edklad kde se ob\u0159ad bude konat \u010di kde prob\u011bhne oslava, je\u0161t\u011b v\u016fbec nem\u00e1te za\u0159\u00edzen\u00e9? Nezoufejte, a vyu\u017eijte je\u0161t\u011b dnes takov\u00e9 nab\u00eddky slu\u017eeb, kterou rozhodn\u011b nem\u016f\u017eete odm\u00edtnout. Kr\u00e1sn\u00e9 m\u00edsto pro ob\u0159ad, kde m\u016f\u017ee prob\u011bhnout i svatebn\u00ed hostina \u010dek\u00e1 pr\u00e1v\u011b na v\u00e1s nedaleko Hradce Kr\u00e1lov\u00e9. Proto pokud si chcete odleh\u010dit starosti, pak rozhodn\u011b vyu\u017eijte nab\u00eddky pr\u00e1v\u011b t\u011bchto profesion\u00e1l\u016f.To nejkouzeln\u011bj\u0161\u00ed m\u00edsto pro va\u0161i veselku je tuNa nic ne\u010dekejte, a je\u0161t\u011b dnes nav\u0161tivte toto skv\u011bl\u00e9 m\u00edsto, kter\u00e9 je opravdu t\u00edm nejvhodn\u011bj\u0161\u00edm m\u00edstem pro uspo\u0159\u00e1d\u00e1n\u00ed pr\u00e1v\u011b va\u0161\u00ed veselky. Nezdr\u017eujte se u\u017e vym\u00fd\u0161len\u00edm, kde by mohl prob\u011bhnout ob\u0159ad a n\u00e1sledn\u00e1 oslava a spojte v\u0161e dohromady na jednom m\u00edst\u011b. Naj\u00edt si kr\u00e1sn\u011bj\u0161\u00ed a romanti\u010dt\u011bj\u0161\u00ed prost\u0159ed\u00ed nikdy nebylo jednodu\u0161\u0161\u00ed. Uvid\u00edte, \u017ee v\u00e1\u0161 ob\u0159ad, svatebn\u00ed hostina a v\u0161e ostatn\u00ed bude naprosto dokonal\u00e9.                                                                                                                                                                                                                                                                                                                                                                                        4.7\/5 - (7 votes)        "},{"@context":"https:\/\/schema.org\/","@type":"BreadcrumbList","itemListElement":[{"@type":"ListItem","position":1,"name":"Uspo\u0159\u00e1dejte si veselku, na kterou budete v\u017edy vzpom\u00ednat s \u00fasm\u011bvem","item":"https:\/\/www.desster.cz\/usporadejte-si-veselku-na-kterou-budete-vzdy-vzpominat-s-usmevem\/#breadcrumbitem"}]}]