[{"@context":"https:\/\/schema.org\/","@type":"Article","@id":"https:\/\/www.desster.cz\/pronajmeme-si-party-stan-na-netradicni-oslavu\/#Article","mainEntityOfPage":"https:\/\/www.desster.cz\/pronajmeme-si-party-stan-na-netradicni-oslavu\/","headline":"Pronajmeme si p\u00e1rty stan na netradi\u010dn\u00ed oslavu","name":"Pronajmeme si p\u00e1rty stan na netradi\u010dn\u00ed oslavu","description":"Pron\u00e1jmy stan\u016f mohou m\u00edt mnoho podob. V\u011bt\u0161inou se uskute\u010d\u0148uj\u00ed pro svatebn\u00ed oslavy, promoce \u010di narozeniny v prost\u0159ed\u00ed vlastn\u00edho nebo pronajat\u00e9ho&hellip; <div><a class=\"more-link\" href=\"https:\/\/www.desster.cz\/pronajmeme-si-party-stan-na-netradicni-oslavu\/\">Read more &gt; <span class=\"screen-reader-text\">Pronajmeme si p\u00e1rty stan na netradi\u010dn\u00ed oslavu<\/span><\/a><\/div>","datePublished":"2023-08-20","dateModified":"2024-04-10","author":{"@type":"Person","@id":"https:\/\/www.desster.cz\/author\/#Person","name":"","url":"https:\/\/www.desster.cz\/author\/","identifier":1,"image":{"@type":"ImageObject","@id":"https:\/\/secure.gravatar.com\/avatar\/53fcaa7178df0f37d30678446939b206ab1017330cccbc8c93b5efa33cddcf51?s=96&d=mm&r=g","url":"https:\/\/secure.gravatar.com\/avatar\/53fcaa7178df0f37d30678446939b206ab1017330cccbc8c93b5efa33cddcf51?s=96&d=mm&r=g","height":96,"width":96}},"publisher":{"@type":"Organization","name":"desster.cz","logo":{"@type":"ImageObject","@id":"\/logo.png","url":"\/logo.png","width":600,"height":60}},"image":{"@type":"ImageObject","@id":"https:\/\/www.desster.cz\/wp-content\/uploads\/event-tent-419285_640_1.jpg","url":"https:\/\/www.desster.cz\/wp-content\/uploads\/event-tent-419285_640_1.jpg","height":0,"width":0},"url":"https:\/\/www.desster.cz\/pronajmeme-si-party-stan-na-netradicni-oslavu\/","about":["Podnik\u00e1n\u00ed"],"wordCount":403,"articleBody":"   Pron\u00e1jmy stan\u016f mohou m\u00edt mnoho podob. V\u011bt\u0161inou se uskute\u010d\u0148uj\u00ed pro svatebn\u00ed oslavy, promoce \u010di narozeniny v prost\u0159ed\u00ed vlastn\u00edho nebo pronajat\u00e9ho zahradn\u00edho pozemku a po\u010d\u00edt\u00e1 se tu s nimi pro zabezpe\u010den\u00ed ob\u010derstven\u00ed p\u0159ed pov\u011btrnostn\u00edmi vlivy, p\u0159\u00edpadn\u011b p\u0159\u00edmo pro posezen\u00ed osob, kter\u00e9 ob\u010derstven\u00ed konzumuj\u00ed. Pron\u00e1jem party stan\u016f cena P\u00e1rty stany AZ je v\u0161ak tak\u00e9 n\u011bkdy polo\u017ekou, kter\u00e1 zaujme milovn\u00edky recese a netradi\u010dn\u00ed z\u00e1bavy. Co\u017e takhle uspo\u0159\u00e1dat akci v odli\u0161n\u00e9m duchu, ne\u017e jsou svatby a k\u0159tiny?Oslava jen takMoud\u0159\u00ed lid\u00e9 si uv\u011bdomuj\u00ed, \u017ee \u017eivot s\u00e1m je velkolepou oslavou, a m\u00e1lokdy se s n\u011bk\u00fdm h\u00e1daj\u00ed, p\u0159etahuj\u00ed o majetek a \u0161plhaj\u00ed v kari\u00e9rn\u00edm r\u016fstu po \u017eeb\u0159\u00edku tak vysoko, odkud se pak samotn\u00fd p\u00e1d st\u00e1v\u00e1 nesnesiteln\u00fdm. Oslavovat lze cokoli, nap\u0159\u00edklad zm\u011bnu \u017eivotn\u00edho stylu, nov\u00e9 boty, anebo n\u011bco, co zhotov\u00edme vlastn\u00edma, nap\u0159\u00edklad zahradn\u00ed terasy s okrasn\u00fdmi d\u0159evinami a skalni\u010dkami.T\u00edmto v\u00e1s chceme inspirovat k uv\u011bdom\u011bn\u00ed, \u017ee \u017eivot by se m\u011bl \u017e\u00edt, jak to zp\u00edv\u00e1 skupina Opus \u201eLive is Life\u201c. Skladba sice poch\u00e1z\u00ed z roku 1985, ale je st\u00e1le platn\u00e1 a nest\u00e1rnouc\u00ed. P\u0159esta\u0148me se mezi sebou rv\u00e1t, co\u017e je dal\u0161\u00ed motto, tentokr\u00e1t z p\u00edsn\u011b Honzy Nedv\u011bda \u201eNa kameni k\u00e1men\u201c, a vytvo\u0159me lep\u0161\u00ed sv\u011bt s uv\u011bdom\u011bn\u00edm, \u017ee ka\u017ed\u00fd z n\u00e1s je neopakovateln\u00fd a jedine\u010dn\u00fd. Vezm\u011bte do hrsti zdrav\u00fd selsk\u00fd rozum a uspo\u0159\u00e1dejte p\u00e1rty pro sv\u00e9 bl\u00edzk\u00e9 t\u0159eba \u0161estn\u00e1ct\u00e9ho \u010dervence, tedy v den, kdy z nich nem\u00e1 nikdo narozeniny, kdy se zrovna nikdo z nich nejmenuje Lubo\u0161, a kdy se neslav\u00ed \u017e\u00e1dn\u00e1 promoce, zlat\u00e1 \u010di st\u0159\u00edbrn\u00e1 svatba, ani ta skute\u010dn\u00e1 s \u017eenichem a nev\u011bstou ve spole\u010densk\u00fdch \u0161atech.Oslav\u011b dejte zvl\u00e1\u0161tn\u00ed r\u00e1mec, umo\u017en\u011bte ostatn\u00edm, aby se venku bavili hran\u00edm spole\u010densk\u00fdch her, sportovn\u00edmi discipl\u00ednami, nap\u0159\u00edklad \u0161plhem na lan\u011b, vrhem koul\u00ed nebo pl\u00e1\u017eov\u00fdm (tedy sp\u00ed\u0161e tr\u00e1vn\u00edkov\u00fdm) volejbalem, a t\u0159eba i neobvykl\u00fdm bosonoh\u00fdm chodn\u00ed\u010dkem ze smrkov\u00fdch \u0161i\u0161ek a \u0159\u00ed\u010dn\u00edch obl\u00e1zk\u016f.                                                                                                                                                                                                                                                                                                                                                                                          4.3\/5 - (11 votes)        "},{"@context":"https:\/\/schema.org\/","@type":"BreadcrumbList","itemListElement":[{"@type":"ListItem","position":1,"name":"Pronajmeme si p\u00e1rty stan na netradi\u010dn\u00ed oslavu","item":"https:\/\/www.desster.cz\/pronajmeme-si-party-stan-na-netradicni-oslavu\/#breadcrumbitem"}]}]