[{"@context":"https:\/\/schema.org\/","@type":"Article","@id":"https:\/\/www.desster.cz\/promente-svuj-obyvak\/#Article","mainEntityOfPage":"https:\/\/www.desster.cz\/promente-svuj-obyvak\/","headline":"Prom\u011b\u0148te sv\u016fj ob\u00fdv\u00e1k","name":"Prom\u011b\u0148te sv\u016fj ob\u00fdv\u00e1k","description":"Pl\u00e1nujete-li, \u017ee V\u00e1\u0161 ob\u00fdvac\u00ed pokoj za\u017eije po\u0159\u00e1dn\u00fd \u0161ok v podob\u011b kompletn\u00edho p\u0159ed\u011bl\u00e1n\u00ed a nakoupen\u00ed nov\u00e9ho n\u00e1bytku, tak bychom V\u00e1m cht\u011bli&hellip; <div><a class=\"more-link\" href=\"https:\/\/www.desster.cz\/promente-svuj-obyvak\/\">Read more &gt; <span class=\"screen-reader-text\">Prom\u011b\u0148te sv\u016fj ob\u00fdv\u00e1k<\/span><\/a><\/div>","datePublished":"2025-01-01","dateModified":"2025-01-01","author":{"@type":"Person","@id":"https:\/\/www.desster.cz\/author\/#Person","name":"","url":"https:\/\/www.desster.cz\/author\/","identifier":1,"image":{"@type":"ImageObject","@id":"https:\/\/secure.gravatar.com\/avatar\/53fcaa7178df0f37d30678446939b206ab1017330cccbc8c93b5efa33cddcf51?s=96&d=mm&r=g","url":"https:\/\/secure.gravatar.com\/avatar\/53fcaa7178df0f37d30678446939b206ab1017330cccbc8c93b5efa33cddcf51?s=96&d=mm&r=g","height":96,"width":96}},"publisher":{"@type":"Organization","name":"desster.cz","logo":{"@type":"ImageObject","@id":"\/logo.png","url":"\/logo.png","width":600,"height":60}},"url":"https:\/\/www.desster.cz\/promente-svuj-obyvak\/","wordCount":268,"articleBody":"Pl\u00e1nujete-li, \u017ee V\u00e1\u0161 ob\u00fdvac\u00ed pokoj za\u017eije po\u0159\u00e1dn\u00fd \u0161ok v podob\u011b kompletn\u00edho p\u0159ed\u011bl\u00e1n\u00ed a nakoupen\u00ed nov\u00e9ho n\u00e1bytku, tak bychom V\u00e1m cht\u011bli nab\u00eddnout \u0161anci, kter\u00e1 by se m\u011bla vyu\u017e\u00edt. Pot\u0159ebujete-li novou seda\u010dku \u010di sedac\u00ed soupravu, ud\u011blejte to s n\u00e1mi! Nab\u00edz\u00edme pohovky t\u00e9 nejvy\u0161\u0161\u00ed kvality, abychom uspokojili pot\u0159eby i t\u011bch nejn\u00e1ro\u010dn\u011bj\u0161\u00edch u\u017eivatel\u016f. Kvalita na\u0161im produkt\u016fm zaru\u010den\u011b nechyb\u00ed a d\u00edlensk\u00e9 zpracov\u00e1n\u00ed je vskutku na jedni\u010dku s hv\u011bzdi\u010dkou. V\u00fdrobky jsou k dispozici v r\u016fzn\u00fdch rozm\u011brech, barv\u00e1ch a stylech, tak\u017ee je zkr\u00e1tka nemo\u017en\u00e9, abyste si nevybrali Va\u0161eho favorita. Ud\u011blejte to p\u0159es n\u00e1s a z\u00edsk\u00e1te zv\u00fdhodn\u011bnou cenu. Nezn\u00ed to skv\u011ble? Nespokojte se s pr\u016fm\u011brem, ale s originalitou a osobit\u00fdm stylem, kter\u00fd z Va\u0161eho ob\u00fdvac\u00edho pokoje ud\u011bl\u00e1 r\u00e1j. Materi\u00e1l pohovek k neuv\u011b\u0159en\u00ed Pou\u017e\u00edv\u00e1me z\u00e1sadn\u011b ten nejodoln\u011bj\u0161\u00ed a nejkvalitn\u011bj\u0161\u00ed materi\u00e1l z cel\u00e9ho trhu. Sna\u017e\u00edme se p\u0159ij\u00edt s n\u011b\u010d\u00edm nov\u00fdm a nechceme pouze kop\u00edrovat to, co m\u00e1 V\u00e1\u0161 soused a poloviny Va\u0161eho m\u011bsta \u010di vesnice. Jsme osobit\u00ed, jin\u00ed, origin\u00e1ln\u00ed a n\u00e1le\u017eit\u011b hrd\u00ed na to, co d\u011bl\u00e1me. Dejte n\u00e1m \u0161anci i Vy je\u0161t\u011b dnes a t\u011b\u0161te se, jakmile V\u00e1m v\u00fdrobek p\u0159ijde dom\u016f, kde V\u00e1m ho i nainstalujeme.                                                                                                                                                                                                                                                                                                                                                                                        5\/5 - (1 vote)        "},{"@context":"https:\/\/schema.org\/","@type":"BreadcrumbList","itemListElement":[{"@type":"ListItem","position":1,"name":"Prom\u011b\u0148te sv\u016fj ob\u00fdv\u00e1k","item":"https:\/\/www.desster.cz\/promente-svuj-obyvak\/#breadcrumbitem"}]}]